{"id":6347,"date":"2025-11-12T14:43:20","date_gmt":"2025-11-12T19:43:20","guid":{"rendered":"https:\/\/www.contraloria.gob.pa\/observatorio-economico\/?p=6347"},"modified":"2025-11-12T14:51:59","modified_gmt":"2025-11-12T19:51:59","slug":"la-contraloria-promueve-la-cultura-de-datos-y-la-transparencia-en-el-congreso-cesi-2025","status":"publish","type":"post","link":"https:\/\/www.contraloria.gob.pa\/observatorio-economico\/index.php\/2025\/11\/12\/la-contraloria-promueve-la-cultura-de-datos-y-la-transparencia-en-el-congreso-cesi-2025\/","title":{"rendered":"La Contralor\u00eda promueve la cultura de datos y la transparencia en el Congreso CESI-2025"},"content":{"rendered":"\t\t<div data-elementor-type=\"wp-post\" data-elementor-id=\"6347\" class=\"elementor elementor-6347\" data-elementor-post-type=\"post\">\n\t\t\t\t<div class=\"elementor-element elementor-element-904573b e-flex e-con-boxed e-con e-parent\" data-id=\"904573b\" data-element_type=\"container\">\n\t\t\t\t\t<div class=\"e-con-inner\">\n\t\t\t\t<div class=\"elementor-element elementor-element-4907675 elementor-widget elementor-widget-theme-post-title elementor-page-title elementor-widget-heading\" data-id=\"4907675\" data-element_type=\"widget\" data-widget_type=\"theme-post-title.default\">\n\t\t\t\t<div class=\"elementor-widget-container\">\n\t\t\t<p class=\"elementor-heading-title elementor-size-default\">La Contralor\u00eda promueve la cultura de datos y la transparencia en el Congreso CESI-2025<\/p>\t\t<\/div>\n\t\t\t\t<\/div>\n\t\t\t\t\t<\/div>\n\t\t\t\t<\/div>\n\t\t<div class=\"elementor-element elementor-element-2172f39 e-flex e-con-boxed e-con e-parent\" data-id=\"2172f39\" data-element_type=\"container\">\n\t\t\t\t\t<div class=\"e-con-inner\">\n\t\t\t\t<div class=\"elementor-element elementor-element-eddae0d elementor-widget elementor-widget-text-editor\" data-id=\"eddae0d\" data-element_type=\"widget\" data-widget_type=\"text-editor.default\">\n\t\t\t\t<div class=\"elementor-widget-container\">\n\t\t\t\t\t\t\t<div style=\"text-align: justify;\"><p style=\"font-weight: 400;\">La Contralor\u00eda General de la Rep\u00fablica, a trav\u00e9s de la Direcci\u00f3n de Asesor\u00eda Econ\u00f3mica y Financiera, particip\u00f3 en el Congreso de Econom\u00eda CESI-2025, organizado por la Universidad Aut\u00f3noma de Chiriqu\u00ed (UNACHI) bajo el lema \u201cConstruyendo una cultura de datos para la ciencia, la gobernanza y el desarrollo sostenible\u201d.<\/p><p style=\"font-weight: 400;\">Durante su intervenci\u00f3n, el equipo t\u00e9cnico de la direcci\u00f3n destac\u00f3 las capacidades de la herramienta Observatorio Econ\u00f3mico presentando los resultados de la investigaci\u00f3n Efecto Traspaso de las Tasas Pasivas y Activas de Panam\u00e1 con la Tasa FED (2007\u20132024), an\u00e1lisis clave para comprender c\u00f3mo las decisiones de la Reserva Federal influyen en el sistema financiero paname\u00f1o.<\/p><p style=\"font-weight: 400;\">Con su participaci\u00f3n en este importante espacio acad\u00e9mico, la Contralor\u00eda reafirma su compromiso con la promoci\u00f3n de una ciudadan\u00eda cr\u00edtica, informada y participativa, recordando que el buen uso de los fondos p\u00fablicos comienza con el conocimiento y la transparencia en la gesti\u00f3n.<\/p><\/div>\t\t\t\t\t\t<\/div>\n\t\t\t\t<\/div>\n\t\t\t\t\t<\/div>\n\t\t\t\t<\/div>\n\t\t<div class=\"elementor-element elementor-element-4030dfd e-con-full e-flex e-con e-parent\" data-id=\"4030dfd\" data-element_type=\"container\">\n\t\t<div class=\"elementor-element elementor-element-d28447a e-con-full e-flex e-con e-child\" data-id=\"d28447a\" data-element_type=\"container\">\n\t\t<div class=\"elementor-element elementor-element-ac0cac7 e-con-full e-flex e-con e-child\" data-id=\"ac0cac7\" data-element_type=\"container\">\n\t\t\t\t<div class=\"elementor-element elementor-element-0db5dae elementor-widget elementor-widget-image-gallery\" data-id=\"0db5dae\" data-element_type=\"widget\" data-widget_type=\"image-gallery.default\">\n\t\t\t\t<div class=\"elementor-widget-container\">\n\t\t\t\t\t<div class=\"elementor-image-gallery\">\n\t\t\t<div id='gallery-1' class='gallery galleryid-6347 gallery-columns-3 gallery-size-large'><figure class='gallery-item'>\n\t\t\t<div class='gallery-icon landscape'>\n\t\t\t\t<a data-elementor-open-lightbox=\"yes\" data-elementor-lightbox-slideshow=\"0db5dae\" data-elementor-lightbox-title=\"Congreso 1\" data-e-action-hash=\"#elementor-action%3Aaction%3Dlightbox%26settings%3DeyJpZCI6NjM0NSwidXJsIjoiaHR0cHM6XC9cL3d3dy5jb250cmFsb3JpYS5nb2IucGFcL29ic2VydmF0b3Jpby1lY29ub21pY29cL3dwLWNvbnRlbnRcL3VwbG9hZHNcLzIwMjVcLzExXC9Db25ncmVzby0xLmpwZyIsInNsaWRlc2hvdyI6IjBkYjVkYWUifQ%3D%3D\" href='https:\/\/www.contraloria.gob.pa\/observatorio-economico\/wp-content\/uploads\/2025\/11\/Congreso-1.jpg'><img fetchpriority=\"high\" decoding=\"async\" width=\"1024\" height=\"768\" src=\"https:\/\/www.contraloria.gob.pa\/observatorio-economico\/wp-content\/uploads\/2025\/11\/Congreso-1-1024x768.jpg\" class=\"attachment-large size-large\" alt=\"\" srcset=\"https:\/\/www.contraloria.gob.pa\/observatorio-economico\/wp-content\/uploads\/2025\/11\/Congreso-1-1024x768.jpg 1024w, https:\/\/www.contraloria.gob.pa\/observatorio-economico\/wp-content\/uploads\/2025\/11\/Congreso-1-300x225.jpg 300w, https:\/\/www.contraloria.gob.pa\/observatorio-economico\/wp-content\/uploads\/2025\/11\/Congreso-1-768x576.jpg 768w, https:\/\/www.contraloria.gob.pa\/observatorio-economico\/wp-content\/uploads\/2025\/11\/Congreso-1.jpg 1156w\" sizes=\"(max-width: 1024px) 100vw, 1024px\" \/><\/a>\n\t\t\t<\/div><\/figure><figure class='gallery-item'>\n\t\t\t<div class='gallery-icon landscape'>\n\t\t\t\t<a data-elementor-open-lightbox=\"yes\" data-elementor-lightbox-slideshow=\"0db5dae\" data-elementor-lightbox-title=\"Congreso 2\" data-e-action-hash=\"#elementor-action%3Aaction%3Dlightbox%26settings%3DeyJpZCI6NjM0NiwidXJsIjoiaHR0cHM6XC9cL3d3dy5jb250cmFsb3JpYS5nb2IucGFcL29ic2VydmF0b3Jpby1lY29ub21pY29cL3dwLWNvbnRlbnRcL3VwbG9hZHNcLzIwMjVcLzExXC9Db25ncmVzby0yLmpwZyIsInNsaWRlc2hvdyI6IjBkYjVkYWUifQ%3D%3D\" href='https:\/\/www.contraloria.gob.pa\/observatorio-economico\/wp-content\/uploads\/2025\/11\/Congreso-2.jpg'><img decoding=\"async\" width=\"1024\" height=\"768\" src=\"https:\/\/www.contraloria.gob.pa\/observatorio-economico\/wp-content\/uploads\/2025\/11\/Congreso-2-1024x768.jpg\" class=\"attachment-large size-large\" alt=\"\" srcset=\"https:\/\/www.contraloria.gob.pa\/observatorio-economico\/wp-content\/uploads\/2025\/11\/Congreso-2-1024x768.jpg 1024w, https:\/\/www.contraloria.gob.pa\/observatorio-economico\/wp-content\/uploads\/2025\/11\/Congreso-2-300x225.jpg 300w, https:\/\/www.contraloria.gob.pa\/observatorio-economico\/wp-content\/uploads\/2025\/11\/Congreso-2-768x576.jpg 768w, https:\/\/www.contraloria.gob.pa\/observatorio-economico\/wp-content\/uploads\/2025\/11\/Congreso-2-1536x1152.jpg 1536w, https:\/\/www.contraloria.gob.pa\/observatorio-economico\/wp-content\/uploads\/2025\/11\/Congreso-2.jpg 1600w\" sizes=\"(max-width: 1024px) 100vw, 1024px\" \/><\/a>\n\t\t\t<\/div><\/figure><figure class='gallery-item'>\n\t\t\t<div class='gallery-icon landscape'>\n\t\t\t\t<a data-elementor-open-lightbox=\"yes\" data-elementor-lightbox-slideshow=\"0db5dae\" data-elementor-lightbox-title=\"Congreso-3-768x721\" data-e-action-hash=\"#elementor-action%3Aaction%3Dlightbox%26settings%3DeyJpZCI6NjM0NCwidXJsIjoiaHR0cHM6XC9cL3d3dy5jb250cmFsb3JpYS5nb2IucGFcL29ic2VydmF0b3Jpby1lY29ub21pY29cL3dwLWNvbnRlbnRcL3VwbG9hZHNcLzIwMjVcLzExXC9Db25ncmVzby0zLTc2OHg3MjEtMS5qcGciLCJzbGlkZXNob3ciOiIwZGI1ZGFlIn0%3D\" href='https:\/\/www.contraloria.gob.pa\/observatorio-economico\/wp-content\/uploads\/2025\/11\/Congreso-3-768x721-1.jpg'><img decoding=\"async\" width=\"768\" height=\"721\" src=\"https:\/\/www.contraloria.gob.pa\/observatorio-economico\/wp-content\/uploads\/2025\/11\/Congreso-3-768x721-1.jpg\" class=\"attachment-large size-large\" alt=\"\" srcset=\"https:\/\/www.contraloria.gob.pa\/observatorio-economico\/wp-content\/uploads\/2025\/11\/Congreso-3-768x721-1.jpg 768w, https:\/\/www.contraloria.gob.pa\/observatorio-economico\/wp-content\/uploads\/2025\/11\/Congreso-3-768x721-1-300x282.jpg 300w\" sizes=\"(max-width: 768px) 100vw, 768px\" \/><\/a>\n\t\t\t<\/div><\/figure>\n\t\t<\/div>\n\t\t<\/div>\n\t\t\t\t<\/div>\n\t\t\t\t<\/div>\n\t\t\t\t<\/div>\n\t\t\t\t<\/div>\n\t\t\t\t<\/div>\n\t\t<div class=\"elementor-element elementor-element-7c4afeb e-flex e-con-boxed e-con e-parent\" data-id=\"7c4afeb\" data-element_type=\"container\">\n\t\t\t\t\t<div class=\"e-con-inner\">\n\t\t\t\t<div class=\"elementor-element elementor-element-6b89da7 elementor-widget elementor-widget-button\" data-id=\"6b89da7\" data-element_type=\"widget\" data-widget_type=\"button.default\">\n\t\t\t\t<div class=\"elementor-widget-container\">\n\t\t\t\t\t\t\t\t<a class=\"elementor-button elementor-button-link elementor-size-sm\" href=\"https:\/\/www.contraloria.gob.pa\/observatorio-economico\/index.php\/galeria-de-eventos\/\">\n\t\t\t\t\t\t<span class=\"elementor-button-content-wrapper\">\n\t\t\t\t\t\t<span class=\"elementor-button-icon\">\n\t\t\t\t<svg aria-hidden=\"true\" class=\"e-font-icon-svg e-far-arrow-alt-circle-left\" viewBox=\"0 0 512 512\" xmlns=\"http:\/\/www.w3.org\/2000\/svg\"><path d=\"M8 256c0 137 111 248 248 248s248-111 248-248S393 8 256 8 8 119 8 256zm448 0c0 110.5-89.5 200-200 200S56 366.5 56 256 145.5 56 256 56s200 89.5 200 200zm-72-20v40c0 6.6-5.4 12-12 12H256v67c0 10.7-12.9 16-20.5 8.5l-99-99c-4.7-4.7-4.7-12.3 0-17l99-99c7.6-7.6 20.5-2.2 20.5 8.5v67h116c6.6 0 12 5.4 12 12z\"><\/path><\/svg>\t\t\t<\/span>\n\t\t\t\t\t\t\t\t\t<span class=\"elementor-button-text\">Regresar<\/span>\n\t\t\t\t\t<\/span>\n\t\t\t\t\t<\/a>\n\t\t\t\t\t\t<\/div>\n\t\t\t\t<\/div>\n\t\t\t\t\t<\/div>\n\t\t\t\t<\/div>\n\t\t\t\t<\/div>\n\t\t","protected":false},"excerpt":{"rendered":"<p>La Contralor\u00eda General de la Rep\u00fablica, a trav\u00e9s de la Direcci\u00f3n de Asesor\u00eda Econ\u00f3mica y Financiera, particip\u00f3 en el Congreso de Econom\u00eda CESI-2025, organizado por la Universidad Aut\u00f3noma de Chiriqu\u00ed (UNACHI) bajo el lema \u201cConstruyendo una cultura de datos para la ciencia, la gobernanza y el desarrollo sostenible\u201d. Durante su intervenci\u00f3n, el equipo t\u00e9cnico de&#8230;<\/p>\n","protected":false},"author":5,"featured_media":6345,"comment_status":"open","ping_status":"open","sticky":false,"template":"elementor_header_footer","format":"standard","meta":{"_kadence_starter_templates_imported_post":false,"_kad_post_transparent":"default","_kad_post_title":"default","_kad_post_layout":"default","_kad_post_sidebar_id":"","_kad_post_content_style":"default","_kad_post_vertical_padding":"default","_kad_post_feature":"","_kad_post_feature_position":"","_kad_post_header":false,"_kad_post_footer":false,"_kad_post_classname":"","footnotes":""},"categories":[36],"tags":[],"class_list":["post-6347","post","type-post","status-publish","format-standard","has-post-thumbnail","hentry","category-galeria"],"_links":{"self":[{"href":"https:\/\/www.contraloria.gob.pa\/observatorio-economico\/index.php\/wp-json\/wp\/v2\/posts\/6347","targetHints":{"allow":["GET"]}}],"collection":[{"href":"https:\/\/www.contraloria.gob.pa\/observatorio-economico\/index.php\/wp-json\/wp\/v2\/posts"}],"about":[{"href":"https:\/\/www.contraloria.gob.pa\/observatorio-economico\/index.php\/wp-json\/wp\/v2\/types\/post"}],"author":[{"embeddable":true,"href":"https:\/\/www.contraloria.gob.pa\/observatorio-economico\/index.php\/wp-json\/wp\/v2\/users\/5"}],"replies":[{"embeddable":true,"href":"https:\/\/www.contraloria.gob.pa\/observatorio-economico\/index.php\/wp-json\/wp\/v2\/comments?post=6347"}],"version-history":[{"count":7,"href":"https:\/\/www.contraloria.gob.pa\/observatorio-economico\/index.php\/wp-json\/wp\/v2\/posts\/6347\/revisions"}],"predecessor-version":[{"id":6355,"href":"https:\/\/www.contraloria.gob.pa\/observatorio-economico\/index.php\/wp-json\/wp\/v2\/posts\/6347\/revisions\/6355"}],"wp:featuredmedia":[{"embeddable":true,"href":"https:\/\/www.contraloria.gob.pa\/observatorio-economico\/index.php\/wp-json\/wp\/v2\/media\/6345"}],"wp:attachment":[{"href":"https:\/\/www.contraloria.gob.pa\/observatorio-economico\/index.php\/wp-json\/wp\/v2\/media?parent=6347"}],"wp:term":[{"taxonomy":"category","embeddable":true,"href":"https:\/\/www.contraloria.gob.pa\/observatorio-economico\/index.php\/wp-json\/wp\/v2\/categories?post=6347"},{"taxonomy":"post_tag","embeddable":true,"href":"https:\/\/www.contraloria.gob.pa\/observatorio-economico\/index.php\/wp-json\/wp\/v2\/tags?post=6347"}],"curies":[{"name":"wp","href":"https:\/\/api.w.org\/{rel}","templated":true}]}}